{"id":380,"date":"2015-07-05T16:11:25","date_gmt":"2015-07-05T14:11:25","guid":{"rendered":"http:\/\/piraito.com\/blog\/?p=380"},"modified":"2018-06-26T10:19:39","modified_gmt":"2018-06-26T09:19:39","slug":"sobre-la-camiseta-banda-ibis-habitantes-de-la-janda","status":"publish","type":"post","link":"https:\/\/piraito.com\/blog\/2015\/sobre-la-camiseta-banda-ibis-habitantes-de-la-janda\/","title":{"rendered":"Sobre la camiseta Banda ibis, habitantes de La Janda."},"content":{"rendered":"<p><img loading=\"lazy\" decoding=\"async\" class=\"aligncenter wp-image-395 size-large\" title=\"Banda de Ibis Eremita en vuelo\" src=\"https:\/\/piraito.com\/blog\/wp-content\/uploads\/2015\/07\/002-e1436537986526-1024x486.jpg\" alt=\"Banda de Ibis Eremita en vuelo. Proyecto Eremita\" width=\"660\" height=\"313\" \/>La primera vez que tuvimos contacto con esta banda de simp\u00e1ticos pajaritos fue en 2006.<\/p>\n<p><img loading=\"lazy\" decoding=\"async\" class=\"aligncenter wp-image-394 size-large\" src=\"https:\/\/piraito.com\/blog\/wp-content\/uploads\/2015\/07\/5526-e1436537891883-1024x634.jpg\" alt=\"Seguimiento de individuos en libertad. Proyecto Eremita\" width=\"660\" height=\"409\" \/><\/p>\n<p>Nos llamaron para una campa\u00f1a de promoci\u00f3n del voluntariado ambiental en el Proyecto Eremita, que busca la reproducci\u00f3n del Ibis Eremita en libertad en la <a href=\"https:\/\/www.google.es\/maps\/place\/Sierra+de+Retin,+11160,+C%C3%A1diz\/@36.1749979,-5.8352778,14z\/data=!3m1!4b1!4m2!3m1!1s0xd0c5c37fddbee47:0xfffabe07b8e6c294\" target=\"_blank\" rel=\"noopener\">Sierra del Ret\u00edn<\/a>\u00a0en Barbate, en la comarca de la Janda Litoral.<!--more--><\/p>\n<p><img loading=\"lazy\" decoding=\"async\" class=\"aligncenter wp-image-389 size-large\" src=\"https:\/\/piraito.com\/blog\/wp-content\/uploads\/2015\/07\/IMG_1990-1024x768.jpg\" alt=\"Algunas aves antes de su liberaci\u00f3n. \ufffcProyecto Eremita\" width=\"660\" height=\"495\" srcset=\"https:\/\/piraito.com\/blog\/wp-content\/uploads\/2015\/07\/IMG_1990-1024x768.jpg 1024w, https:\/\/piraito.com\/blog\/wp-content\/uploads\/2015\/07\/IMG_1990-300x225.jpg 300w, https:\/\/piraito.com\/blog\/wp-content\/uploads\/2015\/07\/IMG_1990.jpg 1600w\" sizes=\"auto, (max-width: 660px) 100vw, 660px\" \/><\/p>\n<p>Se trataba de reintroducir una especie extinta en el medio natural, pero de la que se conservaba una peque\u00f1a poblaci\u00f3n en cautividad.<\/p>\n<p><img loading=\"lazy\" decoding=\"async\" class=\"aligncenter wp-image-390 size-large\" src=\"https:\/\/piraito.com\/blog\/wp-content\/uploads\/2015\/07\/IMG_1988-e1436536840214-1024x666.jpg\" alt=\"Vistas desde la Sierra. Proyecto Eremita\" width=\"660\" height=\"429\" srcset=\"https:\/\/piraito.com\/blog\/wp-content\/uploads\/2015\/07\/IMG_1988-e1436536840214-1024x666.jpg 1024w, https:\/\/piraito.com\/blog\/wp-content\/uploads\/2015\/07\/IMG_1988-e1436536840214-300x195.jpg 300w, https:\/\/piraito.com\/blog\/wp-content\/uploads\/2015\/07\/IMG_1988-e1436536840214.jpg 1600w\" sizes=\"auto, (max-width: 660px) 100vw, 660px\" \/><\/p>\n<p>El sitio, paradis\u00edaco, <a href=\"https:\/\/www.google.es\/maps\/place\/Sierra+de+Retin,+11160,+C%C3%A1diz\/@36.1749979,-5.8352778,14z\/data=!3m1!4b1!4m2!3m1!1s0xd0c5c37fddbee47:0xfffabe07b8e6c294\" target=\"_blank\" rel=\"noopener\">la sierra del Ret\u00edn<\/a>.<\/p>\n<p><img loading=\"lazy\" decoding=\"async\" class=\"alignnone wp-image-397 size-large\" src=\"https:\/\/piraito.com\/blog\/wp-content\/uploads\/2015\/07\/sueltas-julio.04-213-e1436538277434-1024x489.jpg\" alt=\"\ufffcProyecto Eremita\" width=\"660\" height=\"315\" \/><\/p>\n<p>All\u00ed nos explicaron en qu\u00e9 consist\u00eda la labor que estaban realizando los voluntarios.<\/p>\n<p><img loading=\"lazy\" decoding=\"async\" class=\"aligncenter wp-image-388 size-full\" src=\"https:\/\/piraito.com\/blog\/wp-content\/uploads\/2015\/07\/jose_ibis_adsise.com_.jpg\" alt=\"Jose en un acercamiento social\" width=\"450\" height=\"201\" srcset=\"https:\/\/piraito.com\/blog\/wp-content\/uploads\/2015\/07\/jose_ibis_adsise.com_.jpg 450w, https:\/\/piraito.com\/blog\/wp-content\/uploads\/2015\/07\/jose_ibis_adsise.com_-300x134.jpg 300w\" sizes=\"auto, (max-width: 450px) 100vw, 450px\" \/><\/p>\n<p>Sus tareas\u00a0consist\u00edan entre otras cosas, en \u00abdisfrazarse\u00bb de Ibis para acercarse a los p\u00e1jaros y criarlos a mano y hacerles un seguimiento mediante telemetr\u00eda una vez sueltos.<\/p>\n<p><img loading=\"lazy\" decoding=\"async\" class=\"aligncenter wp-image-391 size-large\" src=\"https:\/\/piraito.com\/blog\/wp-content\/uploads\/2015\/07\/IMG_1993-1024x768.jpg\" alt=\"Susi se acerca discretamente a una reuni\u00f3n\" width=\"660\" height=\"495\" srcset=\"https:\/\/piraito.com\/blog\/wp-content\/uploads\/2015\/07\/IMG_1993-1024x768.jpg 1024w, https:\/\/piraito.com\/blog\/wp-content\/uploads\/2015\/07\/IMG_1993-300x225.jpg 300w, https:\/\/piraito.com\/blog\/wp-content\/uploads\/2015\/07\/IMG_1993.jpg 1600w\" sizes=\"auto, (max-width: 660px) 100vw, 660px\" \/><\/p>\n<p>Nuestro trabajo,\u00a0<a href=\"https:\/\/adsise.com\/2006\/campana-proyecto-eremita-2006-2008\/\">un folleto<\/a> en el que quedara plasmada la labor de los voluntarios y sus progresos, y una pegatina.<\/p>\n<p><a href=\"https:\/\/adsise.com\/2006\/campana-proyecto-eremita-2006-2008\/\" target=\"_blank\" rel=\"noopener\"><img loading=\"lazy\" decoding=\"async\" class=\"aligncenter wp-image-412 size-full\" src=\"https:\/\/piraito.com\/blog\/wp-content\/uploads\/2015\/07\/adsise_ibis-eremita-05-780x456.jpg\" alt=\"como adsise hizimos esta pegatina para el Proyecto Eremita\" width=\"780\" height=\"456\" srcset=\"https:\/\/piraito.com\/blog\/wp-content\/uploads\/2015\/07\/adsise_ibis-eremita-05-780x456.jpg 780w, https:\/\/piraito.com\/blog\/wp-content\/uploads\/2015\/07\/adsise_ibis-eremita-05-780x456-300x175.jpg 300w\" sizes=\"auto, (max-width: 780px) 100vw, 780px\" \/><\/a><\/p>\n<p>Despu\u00e9s de la\u00a0toma de contacto y numerosas fotograf\u00edas, dise\u00f1amos <a href=\"https:\/\/adsise.com\/2006\/campana-proyecto-eremita-2006-2008\/\" target=\"_blank\" rel=\"noopener\">un folleto <\/a>donde tanto la labor de los voluntarios, como la magia\u00a0del lugar y la majestuosidad de las aves quedaran reflejadas.<\/p>\n<p><img loading=\"lazy\" decoding=\"async\" class=\"aligncenter wp-image-436 size-full\" src=\"https:\/\/piraito.com\/blog\/wp-content\/uploads\/2015\/07\/banda-ibis-piraito-camisetas-sutiles-2.png\" alt=\"como adsise hizimos esta ilustraci\u00f3n para el Proyecto Eremita\" width=\"827\" height=\"332\" srcset=\"https:\/\/piraito.com\/blog\/wp-content\/uploads\/2015\/07\/banda-ibis-piraito-camisetas-sutiles-2.png 827w, https:\/\/piraito.com\/blog\/wp-content\/uploads\/2015\/07\/banda-ibis-piraito-camisetas-sutiles-2-300x120.png 300w, https:\/\/piraito.com\/blog\/wp-content\/uploads\/2015\/07\/banda-ibis-piraito-camisetas-sutiles-2-825x332.png 825w\" sizes=\"auto, (max-width: 827px) 100vw, 827px\" \/><\/p>\n<p>Las brujas han vuelto a ser libres\u00a0en la sierra del Ret\u00edn.<\/p>\n<p><img loading=\"lazy\" decoding=\"async\" class=\"aligncenter wp-image-393 size-large\" src=\"https:\/\/piraito.com\/blog\/wp-content\/uploads\/2015\/07\/004-e1436537669658-1024x499.jpg\" alt=\"Ibis Eremita en vuelo\" width=\"660\" height=\"322\" srcset=\"https:\/\/piraito.com\/blog\/wp-content\/uploads\/2015\/07\/004-e1436537669658-1024x499.jpg 1024w, https:\/\/piraito.com\/blog\/wp-content\/uploads\/2015\/07\/004-e1436537669658-300x146.jpg 300w, https:\/\/piraito.com\/blog\/wp-content\/uploads\/2015\/07\/004-e1436537669658.jpg 1600w\" sizes=\"auto, (max-width: 660px) 100vw, 660px\" \/><\/p>\n<p>Y a partir de esta experiencia,\u00a0ideamos esta\u00a0camiseta de\u00a0pajaritos, Banda Ibis.<br \/>\n<a href=\"https:\/\/adsise.com\/2006\/campana-proyecto-eremita-2006-2008\/\" target=\"_blank\" rel=\"noopener\">M\u00e1s informaci\u00f3n sobre el folleto\u00a0en adsise.com<\/a><br \/>\n<a href=\"https:\/\/piraito.com\/es\/camisetas\/Banda_ibis-15.html#\/3-talla-s\/8-modelo-basica\/12-color-plomo\"><img loading=\"lazy\" decoding=\"async\" class=\" alignleft wp-image-402\" src=\"https:\/\/piraito.com\/blog\/wp-content\/uploads\/2015\/07\/Banda_ibis-camiseta_basica_plomo-1024x1024.png\" alt=\"Banda_ibis-camiseta_basica_plomo\" width=\"290\" height=\"290\" \/><\/a> <a href=\"https:\/\/piraito.com\/es\/camisetas\/Banda_ibis-15.html#\/3-talla-s\/8-modelo-basica\/12-color-plomo\"><img loading=\"lazy\" decoding=\"async\" class=\" alignnone wp-image-403\" src=\"https:\/\/piraito.com\/blog\/wp-content\/uploads\/2015\/07\/Banda_ibis-camiseta_basica_plomo-espalda-1024x1024.png\" alt=\"Banda_ibis-camiseta_basica_plomo-espalda\" width=\"311\" height=\"311\" \/><\/a><\/p>\n<p><a href=\"https:\/\/piraito.com\/es\/camisetas\/Banda_ibis-15.html#\/1-modelo-entallada\/3-talla-s\/7-color-azul_royal\"><img loading=\"lazy\" decoding=\"async\" class=\" alignleft wp-image-407\" src=\"https:\/\/piraito.com\/blog\/wp-content\/uploads\/2015\/07\/Banda_ibis-camiseta_entallada_azulroyal-espalda-1024x1024.png\" alt=\"Banda_ibis-camiseta_entallada_azulroyal-espalda\" width=\"289\" height=\"289\" srcset=\"https:\/\/piraito.com\/blog\/wp-content\/uploads\/2015\/07\/Banda_ibis-camiseta_entallada_azulroyal-espalda-1024x1024.png 1024w, https:\/\/piraito.com\/blog\/wp-content\/uploads\/2015\/07\/Banda_ibis-camiseta_entallada_azulroyal-espalda-150x150.png 150w, https:\/\/piraito.com\/blog\/wp-content\/uploads\/2015\/07\/Banda_ibis-camiseta_entallada_azulroyal-espalda-300x300.png 300w, https:\/\/piraito.com\/blog\/wp-content\/uploads\/2015\/07\/Banda_ibis-camiseta_entallada_azulroyal-espalda.png 1200w\" sizes=\"auto, (max-width: 289px) 100vw, 289px\" \/><\/a> <a href=\"https:\/\/piraito.com\/es\/camisetas\/Banda_ibis-15.html#\/1-modelo-entallada\/3-talla-s\/7-color-azul_royal\"><img loading=\"lazy\" decoding=\"async\" class=\" alignnone wp-image-406\" src=\"https:\/\/piraito.com\/blog\/wp-content\/uploads\/2015\/07\/Banda_ibis-camiseta_entallada_azulroyal-1024x1024.png\" alt=\"Banda_ibis-camiseta_entallada_azulroyal\" width=\"277\" height=\"277\" srcset=\"https:\/\/piraito.com\/blog\/wp-content\/uploads\/2015\/07\/Banda_ibis-camiseta_entallada_azulroyal-1024x1024.png 1024w, https:\/\/piraito.com\/blog\/wp-content\/uploads\/2015\/07\/Banda_ibis-camiseta_entallada_azulroyal-150x150.png 150w, https:\/\/piraito.com\/blog\/wp-content\/uploads\/2015\/07\/Banda_ibis-camiseta_entallada_azulroyal-300x300.png 300w, https:\/\/piraito.com\/blog\/wp-content\/uploads\/2015\/07\/Banda_ibis-camiseta_entallada_azulroyal.png 1200w\" sizes=\"auto, (max-width: 277px) 100vw, 277px\" \/><\/a><\/p>\n<p><a href=\"https:\/\/piraito.com\/\" target=\"_blank\" rel=\"noopener\">Piraito.<\/a> Camisetas sutiles<\/p>\n","protected":false},"excerpt":{"rendered":"<p>La primera vez que tuvimos contacto con esta banda de simp\u00e1ticos pajaritos fue en 2006. Nos llamaron para una campa\u00f1a de promoci\u00f3n del voluntariado ambiental en el Proyecto Eremita, que busca la reproducci\u00f3n del Ibis Eremita en libertad en la Sierra del Ret\u00edn\u00a0en Barbate, en la comarca de la Janda Litoral.<\/p>\n","protected":false},"author":2,"featured_media":383,"comment_status":"open","ping_status":"open","sticky":false,"template":"","format":"standard","meta":{"footnotes":""},"categories":[2,5],"tags":[8],"class_list":["post-380","post","type-post","status-publish","format-standard","has-post-thumbnail","hentry","category-conocimiento-del-medio","category-produccion","tag-coleccion"],"yoast_head":"<!-- This site is optimized with the Yoast SEO plugin v27.4 - https:\/\/yoast.com\/product\/yoast-seo-wordpress\/ -->\n<title>Sobre la camiseta Banda ibis, habitantes de La Janda. - Piraito: el blog<\/title>\n<meta name=\"description\" content=\"La primera vez que tuvimos contacto con esta banda de simp\u00e1ticos pajaritos fue en 2006. Nos llamaron para una campa\u00f1a de promoci\u00f3n del voluntariado\" \/>\n<meta name=\"robots\" content=\"index, follow, max-snippet:-1, max-image-preview:large, max-video-preview:-1\" \/>\n<link rel=\"canonical\" href=\"https:\/\/piraito.com\/blog\/2015\/sobre-la-camiseta-banda-ibis-habitantes-de-la-janda\/\" \/>\n<meta property=\"og:locale\" content=\"es_ES\" \/>\n<meta property=\"og:type\" content=\"article\" \/>\n<meta property=\"og:title\" content=\"Sobre la camiseta Banda ibis, habitantes de La Janda. - Piraito: el blog\" \/>\n<meta property=\"og:description\" content=\"La primera vez que tuvimos contacto con esta banda de simp\u00e1ticos pajaritos fue en 2006. Nos llamaron para una campa\u00f1a de promoci\u00f3n del voluntariado\" \/>\n<meta property=\"og:url\" content=\"https:\/\/piraito.com\/blog\/2015\/sobre-la-camiseta-banda-ibis-habitantes-de-la-janda\/\" \/>\n<meta property=\"og:site_name\" content=\"Piraito: el blog\" \/>\n<meta property=\"article:publisher\" content=\"https:\/\/www.facebook.com\/Piraito\" \/>\n<meta property=\"article:published_time\" content=\"2015-07-05T14:11:25+00:00\" \/>\n<meta property=\"article:modified_time\" content=\"2018-06-26T09:19:39+00:00\" \/>\n<meta property=\"og:image\" content=\"https:\/\/piraito.com\/blog\/wp-content\/uploads\/2015\/07\/banda-ibis-piraito-camisetas-sutiles.png\" \/>\n\t<meta property=\"og:image:width\" content=\"825\" \/>\n\t<meta property=\"og:image:height\" content=\"510\" \/>\n\t<meta property=\"og:image:type\" content=\"image\/png\" \/>\n<meta name=\"author\" content=\"Piraito\" \/>\n<meta name=\"twitter:card\" content=\"summary_large_image\" \/>\n<meta name=\"twitter:creator\" content=\"@piraito\" \/>\n<meta name=\"twitter:site\" content=\"@piraito\" \/>\n<meta name=\"twitter:label1\" content=\"Escrito por\" \/>\n\t<meta name=\"twitter:data1\" content=\"Piraito\" \/>\n\t<meta name=\"twitter:label2\" content=\"Tiempo de lectura\" \/>\n\t<meta name=\"twitter:data2\" content=\"1 minuto\" \/>\n<script type=\"application\/ld+json\" class=\"yoast-schema-graph\">{\"@context\":\"https:\\\/\\\/schema.org\",\"@graph\":[{\"@type\":\"Article\",\"@id\":\"https:\\\/\\\/piraito.com\\\/blog\\\/2015\\\/sobre-la-camiseta-banda-ibis-habitantes-de-la-janda\\\/#article\",\"isPartOf\":{\"@id\":\"https:\\\/\\\/piraito.com\\\/blog\\\/2015\\\/sobre-la-camiseta-banda-ibis-habitantes-de-la-janda\\\/\"},\"author\":{\"name\":\"Piraito\",\"@id\":\"https:\\\/\\\/piraito.com\\\/blog\\\/#\\\/schema\\\/person\\\/2adfa277ac332f3cce49911f772caf08\"},\"headline\":\"Sobre la camiseta Banda ibis, habitantes de La Janda.\",\"datePublished\":\"2015-07-05T14:11:25+00:00\",\"dateModified\":\"2018-06-26T09:19:39+00:00\",\"mainEntityOfPage\":{\"@id\":\"https:\\\/\\\/piraito.com\\\/blog\\\/2015\\\/sobre-la-camiseta-banda-ibis-habitantes-de-la-janda\\\/\"},\"wordCount\":237,\"commentCount\":1,\"publisher\":{\"@id\":\"https:\\\/\\\/piraito.com\\\/blog\\\/#organization\"},\"image\":{\"@id\":\"https:\\\/\\\/piraito.com\\\/blog\\\/2015\\\/sobre-la-camiseta-banda-ibis-habitantes-de-la-janda\\\/#primaryimage\"},\"thumbnailUrl\":\"https:\\\/\\\/piraito.com\\\/blog\\\/wp-content\\\/uploads\\\/2015\\\/07\\\/banda-ibis-piraito-camisetas-sutiles.png\",\"keywords\":[\"colecci\u00f3n\"],\"articleSection\":[\"conocimiento del medio\",\"producci\u00f3n\"],\"inLanguage\":\"es\",\"potentialAction\":[{\"@type\":\"CommentAction\",\"name\":\"Comment\",\"target\":[\"https:\\\/\\\/piraito.com\\\/blog\\\/2015\\\/sobre-la-camiseta-banda-ibis-habitantes-de-la-janda\\\/#respond\"]}]},{\"@type\":\"WebPage\",\"@id\":\"https:\\\/\\\/piraito.com\\\/blog\\\/2015\\\/sobre-la-camiseta-banda-ibis-habitantes-de-la-janda\\\/\",\"url\":\"https:\\\/\\\/piraito.com\\\/blog\\\/2015\\\/sobre-la-camiseta-banda-ibis-habitantes-de-la-janda\\\/\",\"name\":\"Sobre la camiseta Banda ibis, habitantes de La Janda. - Piraito: el blog\",\"isPartOf\":{\"@id\":\"https:\\\/\\\/piraito.com\\\/blog\\\/#website\"},\"primaryImageOfPage\":{\"@id\":\"https:\\\/\\\/piraito.com\\\/blog\\\/2015\\\/sobre-la-camiseta-banda-ibis-habitantes-de-la-janda\\\/#primaryimage\"},\"image\":{\"@id\":\"https:\\\/\\\/piraito.com\\\/blog\\\/2015\\\/sobre-la-camiseta-banda-ibis-habitantes-de-la-janda\\\/#primaryimage\"},\"thumbnailUrl\":\"https:\\\/\\\/piraito.com\\\/blog\\\/wp-content\\\/uploads\\\/2015\\\/07\\\/banda-ibis-piraito-camisetas-sutiles.png\",\"datePublished\":\"2015-07-05T14:11:25+00:00\",\"dateModified\":\"2018-06-26T09:19:39+00:00\",\"description\":\"La primera vez que tuvimos contacto con esta banda de simp\u00e1ticos pajaritos fue en 2006. Nos llamaron para una campa\u00f1a de promoci\u00f3n del voluntariado\",\"breadcrumb\":{\"@id\":\"https:\\\/\\\/piraito.com\\\/blog\\\/2015\\\/sobre-la-camiseta-banda-ibis-habitantes-de-la-janda\\\/#breadcrumb\"},\"inLanguage\":\"es\",\"potentialAction\":[{\"@type\":\"ReadAction\",\"target\":[\"https:\\\/\\\/piraito.com\\\/blog\\\/2015\\\/sobre-la-camiseta-banda-ibis-habitantes-de-la-janda\\\/\"]}]},{\"@type\":\"ImageObject\",\"inLanguage\":\"es\",\"@id\":\"https:\\\/\\\/piraito.com\\\/blog\\\/2015\\\/sobre-la-camiseta-banda-ibis-habitantes-de-la-janda\\\/#primaryimage\",\"url\":\"https:\\\/\\\/piraito.com\\\/blog\\\/wp-content\\\/uploads\\\/2015\\\/07\\\/banda-ibis-piraito-camisetas-sutiles.png\",\"contentUrl\":\"https:\\\/\\\/piraito.com\\\/blog\\\/wp-content\\\/uploads\\\/2015\\\/07\\\/banda-ibis-piraito-camisetas-sutiles.png\",\"width\":825,\"height\":510},{\"@type\":\"BreadcrumbList\",\"@id\":\"https:\\\/\\\/piraito.com\\\/blog\\\/2015\\\/sobre-la-camiseta-banda-ibis-habitantes-de-la-janda\\\/#breadcrumb\",\"itemListElement\":[{\"@type\":\"ListItem\",\"position\":1,\"name\":\"Portada\",\"item\":\"https:\\\/\\\/piraito.com\\\/blog\\\/\"},{\"@type\":\"ListItem\",\"position\":2,\"name\":\"Sobre la camiseta Banda ibis, habitantes de La Janda.\"}]},{\"@type\":\"WebSite\",\"@id\":\"https:\\\/\\\/piraito.com\\\/blog\\\/#website\",\"url\":\"https:\\\/\\\/piraito.com\\\/blog\\\/\",\"name\":\"Piraito: el blog\",\"description\":\"Marca y tienda online. Ilustraciones para ponerse.\",\"publisher\":{\"@id\":\"https:\\\/\\\/piraito.com\\\/blog\\\/#organization\"},\"potentialAction\":[{\"@type\":\"SearchAction\",\"target\":{\"@type\":\"EntryPoint\",\"urlTemplate\":\"https:\\\/\\\/piraito.com\\\/blog\\\/?s={search_term_string}\"},\"query-input\":{\"@type\":\"PropertyValueSpecification\",\"valueRequired\":true,\"valueName\":\"search_term_string\"}}],\"inLanguage\":\"es\"},{\"@type\":\"Organization\",\"@id\":\"https:\\\/\\\/piraito.com\\\/blog\\\/#organization\",\"name\":\"Adsise\",\"url\":\"https:\\\/\\\/piraito.com\\\/blog\\\/\",\"logo\":{\"@type\":\"ImageObject\",\"inLanguage\":\"es\",\"@id\":\"https:\\\/\\\/piraito.com\\\/blog\\\/#\\\/schema\\\/logo\\\/image\\\/\",\"url\":\"https:\\\/\\\/piraito.com\\\/blog\\\/wp-content\\\/uploads\\\/2016\\\/05\\\/logo-web.png\",\"contentUrl\":\"https:\\\/\\\/piraito.com\\\/blog\\\/wp-content\\\/uploads\\\/2016\\\/05\\\/logo-web.png\",\"width\":223,\"height\":218,\"caption\":\"Adsise\"},\"image\":{\"@id\":\"https:\\\/\\\/piraito.com\\\/blog\\\/#\\\/schema\\\/logo\\\/image\\\/\"},\"sameAs\":[\"https:\\\/\\\/www.facebook.com\\\/Piraito\",\"https:\\\/\\\/x.com\\\/piraito\",\"https:\\\/\\\/instagram.com\\\/piraito\\\/\",\"https:\\\/\\\/www.pinterest.com\\\/piraito\\\/\"]},{\"@type\":\"Person\",\"@id\":\"https:\\\/\\\/piraito.com\\\/blog\\\/#\\\/schema\\\/person\\\/2adfa277ac332f3cce49911f772caf08\",\"name\":\"Piraito\",\"image\":{\"@type\":\"ImageObject\",\"inLanguage\":\"es\",\"@id\":\"https:\\\/\\\/secure.gravatar.com\\\/avatar\\\/2f64d6bb68d59809a242b04883bcf8f2caac0a087b888fa853f4d4aec304d472?s=96&d=mm&r=g\",\"url\":\"https:\\\/\\\/secure.gravatar.com\\\/avatar\\\/2f64d6bb68d59809a242b04883bcf8f2caac0a087b888fa853f4d4aec304d472?s=96&d=mm&r=g\",\"contentUrl\":\"https:\\\/\\\/secure.gravatar.com\\\/avatar\\\/2f64d6bb68d59809a242b04883bcf8f2caac0a087b888fa853f4d4aec304d472?s=96&d=mm&r=g\",\"caption\":\"Piraito\"}}]}<\/script>\n<!-- \/ Yoast SEO plugin. -->","yoast_head_json":{"title":"Sobre la camiseta Banda ibis, habitantes de La Janda. - Piraito: el blog","description":"La primera vez que tuvimos contacto con esta banda de simp\u00e1ticos pajaritos fue en 2006. Nos llamaron para una campa\u00f1a de promoci\u00f3n del voluntariado","robots":{"index":"index","follow":"follow","max-snippet":"max-snippet:-1","max-image-preview":"max-image-preview:large","max-video-preview":"max-video-preview:-1"},"canonical":"https:\/\/piraito.com\/blog\/2015\/sobre-la-camiseta-banda-ibis-habitantes-de-la-janda\/","og_locale":"es_ES","og_type":"article","og_title":"Sobre la camiseta Banda ibis, habitantes de La Janda. - Piraito: el blog","og_description":"La primera vez que tuvimos contacto con esta banda de simp\u00e1ticos pajaritos fue en 2006. Nos llamaron para una campa\u00f1a de promoci\u00f3n del voluntariado","og_url":"https:\/\/piraito.com\/blog\/2015\/sobre-la-camiseta-banda-ibis-habitantes-de-la-janda\/","og_site_name":"Piraito: el blog","article_publisher":"https:\/\/www.facebook.com\/Piraito","article_published_time":"2015-07-05T14:11:25+00:00","article_modified_time":"2018-06-26T09:19:39+00:00","og_image":[{"width":825,"height":510,"url":"https:\/\/piraito.com\/blog\/wp-content\/uploads\/2015\/07\/banda-ibis-piraito-camisetas-sutiles.png","type":"image\/png"}],"author":"Piraito","twitter_card":"summary_large_image","twitter_creator":"@piraito","twitter_site":"@piraito","twitter_misc":{"Escrito por":"Piraito","Tiempo de lectura":"1 minuto"},"schema":{"@context":"https:\/\/schema.org","@graph":[{"@type":"Article","@id":"https:\/\/piraito.com\/blog\/2015\/sobre-la-camiseta-banda-ibis-habitantes-de-la-janda\/#article","isPartOf":{"@id":"https:\/\/piraito.com\/blog\/2015\/sobre-la-camiseta-banda-ibis-habitantes-de-la-janda\/"},"author":{"name":"Piraito","@id":"https:\/\/piraito.com\/blog\/#\/schema\/person\/2adfa277ac332f3cce49911f772caf08"},"headline":"Sobre la camiseta Banda ibis, habitantes de La Janda.","datePublished":"2015-07-05T14:11:25+00:00","dateModified":"2018-06-26T09:19:39+00:00","mainEntityOfPage":{"@id":"https:\/\/piraito.com\/blog\/2015\/sobre-la-camiseta-banda-ibis-habitantes-de-la-janda\/"},"wordCount":237,"commentCount":1,"publisher":{"@id":"https:\/\/piraito.com\/blog\/#organization"},"image":{"@id":"https:\/\/piraito.com\/blog\/2015\/sobre-la-camiseta-banda-ibis-habitantes-de-la-janda\/#primaryimage"},"thumbnailUrl":"https:\/\/piraito.com\/blog\/wp-content\/uploads\/2015\/07\/banda-ibis-piraito-camisetas-sutiles.png","keywords":["colecci\u00f3n"],"articleSection":["conocimiento del medio","producci\u00f3n"],"inLanguage":"es","potentialAction":[{"@type":"CommentAction","name":"Comment","target":["https:\/\/piraito.com\/blog\/2015\/sobre-la-camiseta-banda-ibis-habitantes-de-la-janda\/#respond"]}]},{"@type":"WebPage","@id":"https:\/\/piraito.com\/blog\/2015\/sobre-la-camiseta-banda-ibis-habitantes-de-la-janda\/","url":"https:\/\/piraito.com\/blog\/2015\/sobre-la-camiseta-banda-ibis-habitantes-de-la-janda\/","name":"Sobre la camiseta Banda ibis, habitantes de La Janda. - Piraito: el blog","isPartOf":{"@id":"https:\/\/piraito.com\/blog\/#website"},"primaryImageOfPage":{"@id":"https:\/\/piraito.com\/blog\/2015\/sobre-la-camiseta-banda-ibis-habitantes-de-la-janda\/#primaryimage"},"image":{"@id":"https:\/\/piraito.com\/blog\/2015\/sobre-la-camiseta-banda-ibis-habitantes-de-la-janda\/#primaryimage"},"thumbnailUrl":"https:\/\/piraito.com\/blog\/wp-content\/uploads\/2015\/07\/banda-ibis-piraito-camisetas-sutiles.png","datePublished":"2015-07-05T14:11:25+00:00","dateModified":"2018-06-26T09:19:39+00:00","description":"La primera vez que tuvimos contacto con esta banda de simp\u00e1ticos pajaritos fue en 2006. Nos llamaron para una campa\u00f1a de promoci\u00f3n del voluntariado","breadcrumb":{"@id":"https:\/\/piraito.com\/blog\/2015\/sobre-la-camiseta-banda-ibis-habitantes-de-la-janda\/#breadcrumb"},"inLanguage":"es","potentialAction":[{"@type":"ReadAction","target":["https:\/\/piraito.com\/blog\/2015\/sobre-la-camiseta-banda-ibis-habitantes-de-la-janda\/"]}]},{"@type":"ImageObject","inLanguage":"es","@id":"https:\/\/piraito.com\/blog\/2015\/sobre-la-camiseta-banda-ibis-habitantes-de-la-janda\/#primaryimage","url":"https:\/\/piraito.com\/blog\/wp-content\/uploads\/2015\/07\/banda-ibis-piraito-camisetas-sutiles.png","contentUrl":"https:\/\/piraito.com\/blog\/wp-content\/uploads\/2015\/07\/banda-ibis-piraito-camisetas-sutiles.png","width":825,"height":510},{"@type":"BreadcrumbList","@id":"https:\/\/piraito.com\/blog\/2015\/sobre-la-camiseta-banda-ibis-habitantes-de-la-janda\/#breadcrumb","itemListElement":[{"@type":"ListItem","position":1,"name":"Portada","item":"https:\/\/piraito.com\/blog\/"},{"@type":"ListItem","position":2,"name":"Sobre la camiseta Banda ibis, habitantes de La Janda."}]},{"@type":"WebSite","@id":"https:\/\/piraito.com\/blog\/#website","url":"https:\/\/piraito.com\/blog\/","name":"Piraito: el blog","description":"Marca y tienda online. Ilustraciones para ponerse.","publisher":{"@id":"https:\/\/piraito.com\/blog\/#organization"},"potentialAction":[{"@type":"SearchAction","target":{"@type":"EntryPoint","urlTemplate":"https:\/\/piraito.com\/blog\/?s={search_term_string}"},"query-input":{"@type":"PropertyValueSpecification","valueRequired":true,"valueName":"search_term_string"}}],"inLanguage":"es"},{"@type":"Organization","@id":"https:\/\/piraito.com\/blog\/#organization","name":"Adsise","url":"https:\/\/piraito.com\/blog\/","logo":{"@type":"ImageObject","inLanguage":"es","@id":"https:\/\/piraito.com\/blog\/#\/schema\/logo\/image\/","url":"https:\/\/piraito.com\/blog\/wp-content\/uploads\/2016\/05\/logo-web.png","contentUrl":"https:\/\/piraito.com\/blog\/wp-content\/uploads\/2016\/05\/logo-web.png","width":223,"height":218,"caption":"Adsise"},"image":{"@id":"https:\/\/piraito.com\/blog\/#\/schema\/logo\/image\/"},"sameAs":["https:\/\/www.facebook.com\/Piraito","https:\/\/x.com\/piraito","https:\/\/instagram.com\/piraito\/","https:\/\/www.pinterest.com\/piraito\/"]},{"@type":"Person","@id":"https:\/\/piraito.com\/blog\/#\/schema\/person\/2adfa277ac332f3cce49911f772caf08","name":"Piraito","image":{"@type":"ImageObject","inLanguage":"es","@id":"https:\/\/secure.gravatar.com\/avatar\/2f64d6bb68d59809a242b04883bcf8f2caac0a087b888fa853f4d4aec304d472?s=96&d=mm&r=g","url":"https:\/\/secure.gravatar.com\/avatar\/2f64d6bb68d59809a242b04883bcf8f2caac0a087b888fa853f4d4aec304d472?s=96&d=mm&r=g","contentUrl":"https:\/\/secure.gravatar.com\/avatar\/2f64d6bb68d59809a242b04883bcf8f2caac0a087b888fa853f4d4aec304d472?s=96&d=mm&r=g","caption":"Piraito"}}]}},"_links":{"self":[{"href":"https:\/\/piraito.com\/blog\/wp-json\/wp\/v2\/posts\/380","targetHints":{"allow":["GET"]}}],"collection":[{"href":"https:\/\/piraito.com\/blog\/wp-json\/wp\/v2\/posts"}],"about":[{"href":"https:\/\/piraito.com\/blog\/wp-json\/wp\/v2\/types\/post"}],"author":[{"embeddable":true,"href":"https:\/\/piraito.com\/blog\/wp-json\/wp\/v2\/users\/2"}],"replies":[{"embeddable":true,"href":"https:\/\/piraito.com\/blog\/wp-json\/wp\/v2\/comments?post=380"}],"version-history":[{"count":3,"href":"https:\/\/piraito.com\/blog\/wp-json\/wp\/v2\/posts\/380\/revisions"}],"predecessor-version":[{"id":638,"href":"https:\/\/piraito.com\/blog\/wp-json\/wp\/v2\/posts\/380\/revisions\/638"}],"wp:featuredmedia":[{"embeddable":true,"href":"https:\/\/piraito.com\/blog\/wp-json\/wp\/v2\/media\/383"}],"wp:attachment":[{"href":"https:\/\/piraito.com\/blog\/wp-json\/wp\/v2\/media?parent=380"}],"wp:term":[{"taxonomy":"category","embeddable":true,"href":"https:\/\/piraito.com\/blog\/wp-json\/wp\/v2\/categories?post=380"},{"taxonomy":"post_tag","embeddable":true,"href":"https:\/\/piraito.com\/blog\/wp-json\/wp\/v2\/tags?post=380"}],"curies":[{"name":"wp","href":"https:\/\/api.w.org\/{rel}","templated":true}]}}